{"id":3596,"date":"2020-05-28T12:22:03","date_gmt":"2020-05-28T11:22:03","guid":{"rendered":"https:\/\/www.olisoldebre.com\/?p=3596"},"modified":"2020-05-28T12:27:02","modified_gmt":"2020-05-28T11:27:02","slug":"canco-de-les-plegadores-dolives","status":"publish","type":"post","link":"https:\/\/www.olisoldebre.com\/ca\/canco-de-les-plegadores-dolives\/","title":{"rendered":"CAN\u00c7\u00d3 DE LES PLEGADORES D&#8217;OLIVES"},"content":{"rendered":"<p>&#8216;Vaiga&#8217;!, Cinteta no em mires<br \/>\nque dels teus ulls hi surt foc.<br \/>\nDel dia que vas mirar-me<br \/>\nque est\u00e0 bullint lo meu cor.<\/p>\n<p>Aqu\u00ed estic dalt de la rama,<br \/>\ndalt de la rama m\u00e9s alta.<br \/>\nSi collint, collint, ca\u00efa,<br \/>\nai!, que Sant Antoni em valga.<\/p>\n<p>Collint olivetes fargues,<br \/>\naqu\u00ed dalt de tot m&#8217;estic.<br \/>\nFace rogatives , mare,<br \/>\nperqu\u00e8 no caigue son fill.<\/p>\n<p>Calle de Censalsacosta<br \/>\nyo te voldria empedrar<br \/>\nde perlas y diamantes<br \/>\ny &#8216;petxinitas&#8217; del mar.<\/p>\n<p>L&#8217;escala d&#8217;aquesta vida,<br \/>\nl&#8217;has de pujar a poc a poc,<br \/>\nque si la puges de pressa<br \/>\ncaur\u00e0s al primer escal\u00f3.<\/p>\n<p><a href=\"https:\/\/www.quicoelcelio.com\/\">Quico el C\u00e9lio, el Noi i el Mut de Ferreries<\/a><\/p>\n<p>&nbsp;<\/p>\n<header class=\"header-pagina\">\n<h2 class=\"subtitol-pagina\"><\/h2>\n<\/header>\n<p>&nbsp;<\/p>\n","protected":false},"excerpt":{"rendered":"<p>&#8216;Vaiga&#8217;!, Cinteta no em mires que dels teus ulls hi surt foc. Del dia que vas mirar-me que est\u00e0 bullint lo meu cor. Aqu\u00ed estic dalt de la rama, dalt de la rama m\u00e9s alta. Si collint, collint, ca\u00efa, ai!, que Sant Antoni em valga. Collint olivetes fargues, aqu\u00ed dalt de tot m&#8217;estic. Face rogatives [&hellip;]<\/p>\n","protected":false},"author":5,"featured_media":3598,"comment_status":"open","ping_status":"open","sticky":false,"template":"","format":"standard","meta":{"footnotes":""},"categories":[52],"tags":[],"class_list":["post-3596","post","type-post","status-publish","format-standard","has-post-thumbnail","hentry","category-noticies"],"yoast_head":"<!-- This site is optimized with the Yoast SEO plugin v26.8 - https:\/\/yoast.com\/product\/yoast-seo-wordpress\/ -->\n<title>Treballem i cantem. Can\u00e7ons populars de les Terres de l&#039;Ebre.<\/title>\n<meta name=\"description\" content=\"Aqu\u00ed estic dalt de la rama,dalt de la rama m\u00e9s alta. Si collint, collint, ca\u00efa,ai!, que Sant Antoni em valga. Quico el C\u00e9lio, el Noi i el Mut de Ferreries\" \/>\n<meta name=\"robots\" content=\"index, follow, max-snippet:-1, max-image-preview:large, max-video-preview:-1\" \/>\n<link rel=\"canonical\" href=\"https:\/\/www.olisoldebre.com\/ca\/canco-de-les-plegadores-dolives\/\" \/>\n<meta property=\"og:locale\" content=\"ca_ES\" \/>\n<meta property=\"og:type\" content=\"article\" \/>\n<meta property=\"og:title\" content=\"Treballem i cantem. Can\u00e7ons populars de les Terres de l&#039;Ebre.\" \/>\n<meta property=\"og:description\" content=\"Aqu\u00ed estic dalt de la rama,dalt de la rama m\u00e9s alta. Si collint, collint, ca\u00efa,ai!, que Sant Antoni em valga. Quico el C\u00e9lio, el Noi i el Mut de Ferreries\" \/>\n<meta property=\"og:url\" content=\"https:\/\/www.olisoldebre.com\/ca\/canco-de-les-plegadores-dolives\/\" \/>\n<meta property=\"og:site_name\" content=\"oliSoldebre\" \/>\n<meta property=\"article:published_time\" content=\"2020-05-28T11:22:03+00:00\" \/>\n<meta property=\"article:modified_time\" content=\"2020-05-28T11:27:02+00:00\" \/>\n<meta property=\"og:image\" content=\"https:\/\/www.olisoldebre.com\/wp-content\/uploads\/2020\/05\/olives.jpg\" \/>\n\t<meta property=\"og:image:width\" content=\"854\" \/>\n\t<meta property=\"og:image:height\" content=\"558\" \/>\n\t<meta property=\"og:image:type\" content=\"image\/jpeg\" \/>\n<meta name=\"author\" content=\"Soldebre\" \/>\n<meta name=\"twitter:card\" content=\"summary_large_image\" \/>\n<meta name=\"twitter:label1\" content=\"Escrit per\" \/>\n\t<meta name=\"twitter:data1\" content=\"Soldebre\" \/>\n\t<meta name=\"twitter:label2\" content=\"Temps estimat de lectura\" \/>\n\t<meta name=\"twitter:data2\" content=\"1 minut\" \/>\n<script type=\"application\/ld+json\" class=\"yoast-schema-graph\">{\"@context\":\"https:\/\/schema.org\",\"@graph\":[{\"@type\":\"Article\",\"@id\":\"https:\/\/www.olisoldebre.com\/ca\/canco-de-les-plegadores-dolives\/#article\",\"isPartOf\":{\"@id\":\"https:\/\/www.olisoldebre.com\/ca\/canco-de-les-plegadores-dolives\/\"},\"author\":{\"name\":\"Soldebre\",\"@id\":\"https:\/\/www.olisoldebre.com\/#\/schema\/person\/c1c2a65082fee0efc579fe0749587479\"},\"headline\":\"CAN\u00c7\u00d3 DE LES PLEGADORES D&#8217;OLIVES\",\"datePublished\":\"2020-05-28T11:22:03+00:00\",\"dateModified\":\"2020-05-28T11:27:02+00:00\",\"mainEntityOfPage\":{\"@id\":\"https:\/\/www.olisoldebre.com\/ca\/canco-de-les-plegadores-dolives\/\"},\"wordCount\":117,\"commentCount\":0,\"image\":{\"@id\":\"https:\/\/www.olisoldebre.com\/ca\/canco-de-les-plegadores-dolives\/#primaryimage\"},\"thumbnailUrl\":\"https:\/\/www.olisoldebre.com\/wp-content\/uploads\/2020\/05\/olives.jpg\",\"articleSection\":[\"Not\u00edcies\"],\"inLanguage\":\"ca\",\"potentialAction\":[{\"@type\":\"CommentAction\",\"name\":\"Comment\",\"target\":[\"https:\/\/www.olisoldebre.com\/ca\/canco-de-les-plegadores-dolives\/#respond\"]}]},{\"@type\":\"WebPage\",\"@id\":\"https:\/\/www.olisoldebre.com\/ca\/canco-de-les-plegadores-dolives\/\",\"url\":\"https:\/\/www.olisoldebre.com\/ca\/canco-de-les-plegadores-dolives\/\",\"name\":\"Treballem i cantem. Can\u00e7ons populars de les Terres de l'Ebre.\",\"isPartOf\":{\"@id\":\"https:\/\/www.olisoldebre.com\/#website\"},\"primaryImageOfPage\":{\"@id\":\"https:\/\/www.olisoldebre.com\/ca\/canco-de-les-plegadores-dolives\/#primaryimage\"},\"image\":{\"@id\":\"https:\/\/www.olisoldebre.com\/ca\/canco-de-les-plegadores-dolives\/#primaryimage\"},\"thumbnailUrl\":\"https:\/\/www.olisoldebre.com\/wp-content\/uploads\/2020\/05\/olives.jpg\",\"datePublished\":\"2020-05-28T11:22:03+00:00\",\"dateModified\":\"2020-05-28T11:27:02+00:00\",\"author\":{\"@id\":\"https:\/\/www.olisoldebre.com\/#\/schema\/person\/c1c2a65082fee0efc579fe0749587479\"},\"description\":\"Aqu\u00ed estic dalt de la rama,dalt de la rama m\u00e9s alta. Si collint, collint, ca\u00efa,ai!, que Sant Antoni em valga. Quico el C\u00e9lio, el Noi i el Mut de Ferreries\",\"breadcrumb\":{\"@id\":\"https:\/\/www.olisoldebre.com\/ca\/canco-de-les-plegadores-dolives\/#breadcrumb\"},\"inLanguage\":\"ca\",\"potentialAction\":[{\"@type\":\"ReadAction\",\"target\":[\"https:\/\/www.olisoldebre.com\/ca\/canco-de-les-plegadores-dolives\/\"]}]},{\"@type\":\"ImageObject\",\"inLanguage\":\"ca\",\"@id\":\"https:\/\/www.olisoldebre.com\/ca\/canco-de-les-plegadores-dolives\/#primaryimage\",\"url\":\"https:\/\/www.olisoldebre.com\/wp-content\/uploads\/2020\/05\/olives.jpg\",\"contentUrl\":\"https:\/\/www.olisoldebre.com\/wp-content\/uploads\/2020\/05\/olives.jpg\",\"width\":854,\"height\":558,\"caption\":\"cantem, riem i treballem\"},{\"@type\":\"BreadcrumbList\",\"@id\":\"https:\/\/www.olisoldebre.com\/ca\/canco-de-les-plegadores-dolives\/#breadcrumb\",\"itemListElement\":[{\"@type\":\"ListItem\",\"position\":1,\"name\":\"Portada\",\"item\":\"https:\/\/www.olisoldebre.com\/ca\/\"},{\"@type\":\"ListItem\",\"position\":2,\"name\":\"CAN\u00c7\u00d3 DE LES PLEGADORES D&#8217;OLIVES\"}]},{\"@type\":\"WebSite\",\"@id\":\"https:\/\/www.olisoldebre.com\/#website\",\"url\":\"https:\/\/www.olisoldebre.com\/\",\"name\":\"oliSoldebre\",\"description\":\"\",\"potentialAction\":[{\"@type\":\"SearchAction\",\"target\":{\"@type\":\"EntryPoint\",\"urlTemplate\":\"https:\/\/www.olisoldebre.com\/?s={search_term_string}\"},\"query-input\":{\"@type\":\"PropertyValueSpecification\",\"valueRequired\":true,\"valueName\":\"search_term_string\"}}],\"inLanguage\":\"ca\"},{\"@type\":\"Person\",\"@id\":\"https:\/\/www.olisoldebre.com\/#\/schema\/person\/c1c2a65082fee0efc579fe0749587479\",\"name\":\"Soldebre\",\"image\":{\"@type\":\"ImageObject\",\"inLanguage\":\"ca\",\"@id\":\"https:\/\/www.olisoldebre.com\/#\/schema\/person\/image\/\",\"url\":\"https:\/\/secure.gravatar.com\/avatar\/f3008ce7c5ba3bebc56b3e775d2dd30e?s=96&d=mm&r=g\",\"contentUrl\":\"https:\/\/secure.gravatar.com\/avatar\/f3008ce7c5ba3bebc56b3e775d2dd30e?s=96&d=mm&r=g\",\"caption\":\"Soldebre\"},\"url\":\"https:\/\/www.olisoldebre.com\/ca\/author\/soldebre\/\"}]}<\/script>\n<!-- \/ Yoast SEO plugin. -->","yoast_head_json":{"title":"Treballem i cantem. Can\u00e7ons populars de les Terres de l'Ebre.","description":"Aqu\u00ed estic dalt de la rama,dalt de la rama m\u00e9s alta. Si collint, collint, ca\u00efa,ai!, que Sant Antoni em valga. Quico el C\u00e9lio, el Noi i el Mut de Ferreries","robots":{"index":"index","follow":"follow","max-snippet":"max-snippet:-1","max-image-preview":"max-image-preview:large","max-video-preview":"max-video-preview:-1"},"canonical":"https:\/\/www.olisoldebre.com\/ca\/canco-de-les-plegadores-dolives\/","og_locale":"ca_ES","og_type":"article","og_title":"Treballem i cantem. Can\u00e7ons populars de les Terres de l'Ebre.","og_description":"Aqu\u00ed estic dalt de la rama,dalt de la rama m\u00e9s alta. Si collint, collint, ca\u00efa,ai!, que Sant Antoni em valga. Quico el C\u00e9lio, el Noi i el Mut de Ferreries","og_url":"https:\/\/www.olisoldebre.com\/ca\/canco-de-les-plegadores-dolives\/","og_site_name":"oliSoldebre","article_published_time":"2020-05-28T11:22:03+00:00","article_modified_time":"2020-05-28T11:27:02+00:00","og_image":[{"width":854,"height":558,"url":"https:\/\/www.olisoldebre.com\/wp-content\/uploads\/2020\/05\/olives.jpg","type":"image\/jpeg"}],"author":"Soldebre","twitter_card":"summary_large_image","twitter_misc":{"Escrit per":"Soldebre","Temps estimat de lectura":"1 minut"},"schema":{"@context":"https:\/\/schema.org","@graph":[{"@type":"Article","@id":"https:\/\/www.olisoldebre.com\/ca\/canco-de-les-plegadores-dolives\/#article","isPartOf":{"@id":"https:\/\/www.olisoldebre.com\/ca\/canco-de-les-plegadores-dolives\/"},"author":{"name":"Soldebre","@id":"https:\/\/www.olisoldebre.com\/#\/schema\/person\/c1c2a65082fee0efc579fe0749587479"},"headline":"CAN\u00c7\u00d3 DE LES PLEGADORES D&#8217;OLIVES","datePublished":"2020-05-28T11:22:03+00:00","dateModified":"2020-05-28T11:27:02+00:00","mainEntityOfPage":{"@id":"https:\/\/www.olisoldebre.com\/ca\/canco-de-les-plegadores-dolives\/"},"wordCount":117,"commentCount":0,"image":{"@id":"https:\/\/www.olisoldebre.com\/ca\/canco-de-les-plegadores-dolives\/#primaryimage"},"thumbnailUrl":"https:\/\/www.olisoldebre.com\/wp-content\/uploads\/2020\/05\/olives.jpg","articleSection":["Not\u00edcies"],"inLanguage":"ca","potentialAction":[{"@type":"CommentAction","name":"Comment","target":["https:\/\/www.olisoldebre.com\/ca\/canco-de-les-plegadores-dolives\/#respond"]}]},{"@type":"WebPage","@id":"https:\/\/www.olisoldebre.com\/ca\/canco-de-les-plegadores-dolives\/","url":"https:\/\/www.olisoldebre.com\/ca\/canco-de-les-plegadores-dolives\/","name":"Treballem i cantem. Can\u00e7ons populars de les Terres de l'Ebre.","isPartOf":{"@id":"https:\/\/www.olisoldebre.com\/#website"},"primaryImageOfPage":{"@id":"https:\/\/www.olisoldebre.com\/ca\/canco-de-les-plegadores-dolives\/#primaryimage"},"image":{"@id":"https:\/\/www.olisoldebre.com\/ca\/canco-de-les-plegadores-dolives\/#primaryimage"},"thumbnailUrl":"https:\/\/www.olisoldebre.com\/wp-content\/uploads\/2020\/05\/olives.jpg","datePublished":"2020-05-28T11:22:03+00:00","dateModified":"2020-05-28T11:27:02+00:00","author":{"@id":"https:\/\/www.olisoldebre.com\/#\/schema\/person\/c1c2a65082fee0efc579fe0749587479"},"description":"Aqu\u00ed estic dalt de la rama,dalt de la rama m\u00e9s alta. Si collint, collint, ca\u00efa,ai!, que Sant Antoni em valga. Quico el C\u00e9lio, el Noi i el Mut de Ferreries","breadcrumb":{"@id":"https:\/\/www.olisoldebre.com\/ca\/canco-de-les-plegadores-dolives\/#breadcrumb"},"inLanguage":"ca","potentialAction":[{"@type":"ReadAction","target":["https:\/\/www.olisoldebre.com\/ca\/canco-de-les-plegadores-dolives\/"]}]},{"@type":"ImageObject","inLanguage":"ca","@id":"https:\/\/www.olisoldebre.com\/ca\/canco-de-les-plegadores-dolives\/#primaryimage","url":"https:\/\/www.olisoldebre.com\/wp-content\/uploads\/2020\/05\/olives.jpg","contentUrl":"https:\/\/www.olisoldebre.com\/wp-content\/uploads\/2020\/05\/olives.jpg","width":854,"height":558,"caption":"cantem, riem i treballem"},{"@type":"BreadcrumbList","@id":"https:\/\/www.olisoldebre.com\/ca\/canco-de-les-plegadores-dolives\/#breadcrumb","itemListElement":[{"@type":"ListItem","position":1,"name":"Portada","item":"https:\/\/www.olisoldebre.com\/ca\/"},{"@type":"ListItem","position":2,"name":"CAN\u00c7\u00d3 DE LES PLEGADORES D&#8217;OLIVES"}]},{"@type":"WebSite","@id":"https:\/\/www.olisoldebre.com\/#website","url":"https:\/\/www.olisoldebre.com\/","name":"oliSoldebre","description":"","potentialAction":[{"@type":"SearchAction","target":{"@type":"EntryPoint","urlTemplate":"https:\/\/www.olisoldebre.com\/?s={search_term_string}"},"query-input":{"@type":"PropertyValueSpecification","valueRequired":true,"valueName":"search_term_string"}}],"inLanguage":"ca"},{"@type":"Person","@id":"https:\/\/www.olisoldebre.com\/#\/schema\/person\/c1c2a65082fee0efc579fe0749587479","name":"Soldebre","image":{"@type":"ImageObject","inLanguage":"ca","@id":"https:\/\/www.olisoldebre.com\/#\/schema\/person\/image\/","url":"https:\/\/secure.gravatar.com\/avatar\/f3008ce7c5ba3bebc56b3e775d2dd30e?s=96&d=mm&r=g","contentUrl":"https:\/\/secure.gravatar.com\/avatar\/f3008ce7c5ba3bebc56b3e775d2dd30e?s=96&d=mm&r=g","caption":"Soldebre"},"url":"https:\/\/www.olisoldebre.com\/ca\/author\/soldebre\/"}]}},"_links":{"self":[{"href":"https:\/\/www.olisoldebre.com\/ca\/wp-json\/wp\/v2\/posts\/3596","targetHints":{"allow":["GET"]}}],"collection":[{"href":"https:\/\/www.olisoldebre.com\/ca\/wp-json\/wp\/v2\/posts"}],"about":[{"href":"https:\/\/www.olisoldebre.com\/ca\/wp-json\/wp\/v2\/types\/post"}],"author":[{"embeddable":true,"href":"https:\/\/www.olisoldebre.com\/ca\/wp-json\/wp\/v2\/users\/5"}],"replies":[{"embeddable":true,"href":"https:\/\/www.olisoldebre.com\/ca\/wp-json\/wp\/v2\/comments?post=3596"}],"version-history":[{"count":1,"href":"https:\/\/www.olisoldebre.com\/ca\/wp-json\/wp\/v2\/posts\/3596\/revisions"}],"predecessor-version":[{"id":3597,"href":"https:\/\/www.olisoldebre.com\/ca\/wp-json\/wp\/v2\/posts\/3596\/revisions\/3597"}],"wp:featuredmedia":[{"embeddable":true,"href":"https:\/\/www.olisoldebre.com\/ca\/wp-json\/wp\/v2\/media\/3598"}],"wp:attachment":[{"href":"https:\/\/www.olisoldebre.com\/ca\/wp-json\/wp\/v2\/media?parent=3596"}],"wp:term":[{"taxonomy":"category","embeddable":true,"href":"https:\/\/www.olisoldebre.com\/ca\/wp-json\/wp\/v2\/categories?post=3596"},{"taxonomy":"post_tag","embeddable":true,"href":"https:\/\/www.olisoldebre.com\/ca\/wp-json\/wp\/v2\/tags?post=3596"}],"curies":[{"name":"wp","href":"https:\/\/api.w.org\/{rel}","templated":true}]}}